{"id":3185,"date":"2026-03-03T12:43:36","date_gmt":"2026-03-03T11:43:36","guid":{"rendered":"https:\/\/vsbreitenfurt.ac.at\/wp5\/?p=3185"},"modified":"2026-03-03T12:44:27","modified_gmt":"2026-03-03T11:44:27","slug":"schoenbrunn","status":"publish","type":"post","link":"https:\/\/vsbreitenfurt.ac.at\/wp5\/schoenbrunn\/","title":{"rendered":"Sch\u00f6nbrunn"},"content":{"rendered":"<p>Am 25.2. machten die 1. Klassen gemeinsam einen Ausflug in den Tiergarten Sch\u00f6nbrunn. Nachdem sich beide Klassen im Sachunterricht mit dem Thema Tiere im Winter besch\u00e4ftigt haben, war der Besuch in Sch\u00f6nbrunn mit der F\u00fchrung &#8222;Experten der \u00dcberwinterung&#8220; ein toller Abschluss eines ersten kleinen Projekts.<\/p>\n<p><img loading=\"lazy\" decoding=\"async\" class=\"alignnone size-medium wp-image-3186\" src=\"https:\/\/vsbreitenfurt.ac.at\/wp5\/wp-content\/uploads\/2026\/03\/Schoenbrunn1-300x225.jpg\" alt=\"1b\" width=\"300\" height=\"225\" srcset=\"https:\/\/vsbreitenfurt.ac.at\/wp5\/wp-content\/uploads\/2026\/03\/Schoenbrunn1-300x225.jpg 300w, https:\/\/vsbreitenfurt.ac.at\/wp5\/wp-content\/uploads\/2026\/03\/Schoenbrunn1-1024x768.jpg 1024w, https:\/\/vsbreitenfurt.ac.at\/wp5\/wp-content\/uploads\/2026\/03\/Schoenbrunn1-768x576.jpg 768w, https:\/\/vsbreitenfurt.ac.at\/wp5\/wp-content\/uploads\/2026\/03\/Schoenbrunn1.jpg 1200w\" sizes=\"auto, (max-width: 300px) 100vw, 300px\" \/> <img loading=\"lazy\" decoding=\"async\" class=\"alignnone size-medium wp-image-3187\" src=\"https:\/\/vsbreitenfurt.ac.at\/wp5\/wp-content\/uploads\/2026\/03\/Schoenbrunn2-225x300.jpg\" alt=\"1a\" width=\"225\" height=\"300\" srcset=\"https:\/\/vsbreitenfurt.ac.at\/wp5\/wp-content\/uploads\/2026\/03\/Schoenbrunn2-225x300.jpg 225w, https:\/\/vsbreitenfurt.ac.at\/wp5\/wp-content\/uploads\/2026\/03\/Schoenbrunn2-768x1024.jpg 768w, https:\/\/vsbreitenfurt.ac.at\/wp5\/wp-content\/uploads\/2026\/03\/Schoenbrunn2.jpg 900w\" sizes=\"auto, (max-width: 225px) 100vw, 225px\" \/><\/p>\n","protected":false},"excerpt":{"rendered":"<p>Am 25.2. machten die 1. Klassen gemeinsam einen Ausflug in den Tiergarten Sch\u00f6nbrunn. Nachdem sich beide Klassen im Sachunterricht mit dem Thema Tiere im Winter besch\u00e4ftigt haben, war der Besuch in Sch\u00f6nbrunn mit der F\u00fchrung &#8222;Experten der \u00dcberwinterung&#8220; ein toller Abschluss eines ersten kleinen Projekts.<\/p>\n","protected":false},"author":8,"featured_media":0,"comment_status":"closed","ping_status":"closed","sticky":false,"template":"","format":"standard","meta":{"site-sidebar-layout":"default","site-content-layout":"","ast-site-content-layout":"default","site-content-style":"default","site-sidebar-style":"default","ast-global-header-display":"","ast-banner-title-visibility":"","ast-main-header-display":"","ast-hfb-above-header-display":"","ast-hfb-below-header-display":"","ast-hfb-mobile-header-display":"","site-post-title":"","ast-breadcrumbs-content":"","ast-featured-img":"","footer-sml-layout":"","ast-disable-related-posts":"","theme-transparent-header-meta":"default","adv-header-id-meta":"","stick-header-meta":"","header-above-stick-meta":"","header-main-stick-meta":"","header-below-stick-meta":"","astra-migrate-meta-layouts":"set","ast-page-background-enabled":"default","ast-page-background-meta":{"desktop":{"background-color":"","background-image":"","background-repeat":"repeat","background-position":"center center","background-size":"auto","background-attachment":"scroll","background-type":"","background-media":"","overlay-type":"","overlay-color":"","overlay-opacity":"","overlay-gradient":""},"tablet":{"background-color":"","background-image":"","background-repeat":"repeat","background-position":"center center","background-size":"auto","background-attachment":"scroll","background-type":"","background-media":"","overlay-type":"","overlay-color":"","overlay-opacity":"","overlay-gradient":""},"mobile":{"background-color":"","background-image":"","background-repeat":"repeat","background-position":"center center","background-size":"auto","background-attachment":"scroll","background-type":"","background-media":"","overlay-type":"","overlay-color":"","overlay-opacity":"","overlay-gradient":""}},"ast-content-background-meta":{"desktop":{"background-color":"var(--ast-global-color-5)","background-image":"","background-repeat":"repeat","background-position":"center center","background-size":"auto","background-attachment":"scroll","background-type":"","background-media":"","overlay-type":"","overlay-color":"","overlay-opacity":"","overlay-gradient":""},"tablet":{"background-color":"var(--ast-global-color-5)","background-image":"","background-repeat":"repeat","background-position":"center center","background-size":"auto","background-attachment":"scroll","background-type":"","background-media":"","overlay-type":"","overlay-color":"","overlay-opacity":"","overlay-gradient":""},"mobile":{"background-color":"var(--ast-global-color-5)","background-image":"","background-repeat":"repeat","background-position":"center center","background-size":"auto","background-attachment":"scroll","background-type":"","background-media":"","overlay-type":"","overlay-color":"","overlay-opacity":"","overlay-gradient":""}},"footnotes":""},"categories":[4],"tags":[],"class_list":["post-3185","post","type-post","status-publish","format-standard","hentry","category-aktuell"],"_links":{"self":[{"href":"https:\/\/vsbreitenfurt.ac.at\/wp5\/wp-json\/wp\/v2\/posts\/3185","targetHints":{"allow":["GET"]}}],"collection":[{"href":"https:\/\/vsbreitenfurt.ac.at\/wp5\/wp-json\/wp\/v2\/posts"}],"about":[{"href":"https:\/\/vsbreitenfurt.ac.at\/wp5\/wp-json\/wp\/v2\/types\/post"}],"author":[{"embeddable":true,"href":"https:\/\/vsbreitenfurt.ac.at\/wp5\/wp-json\/wp\/v2\/users\/8"}],"replies":[{"embeddable":true,"href":"https:\/\/vsbreitenfurt.ac.at\/wp5\/wp-json\/wp\/v2\/comments?post=3185"}],"version-history":[{"count":2,"href":"https:\/\/vsbreitenfurt.ac.at\/wp5\/wp-json\/wp\/v2\/posts\/3185\/revisions"}],"predecessor-version":[{"id":3189,"href":"https:\/\/vsbreitenfurt.ac.at\/wp5\/wp-json\/wp\/v2\/posts\/3185\/revisions\/3189"}],"wp:attachment":[{"href":"https:\/\/vsbreitenfurt.ac.at\/wp5\/wp-json\/wp\/v2\/media?parent=3185"}],"wp:term":[{"taxonomy":"category","embeddable":true,"href":"https:\/\/vsbreitenfurt.ac.at\/wp5\/wp-json\/wp\/v2\/categories?post=3185"},{"taxonomy":"post_tag","embeddable":true,"href":"https:\/\/vsbreitenfurt.ac.at\/wp5\/wp-json\/wp\/v2\/tags?post=3185"}],"curies":[{"name":"wp","href":"https:\/\/api.w.org\/{rel}","templated":true}]}}